{"id":211,"date":"2020-09-20T19:43:00","date_gmt":"2020-09-20T17:43:00","guid":{"rendered":"http:\/\/www.lacittaxlacitta.it\/wordpress\/?p=211"},"modified":"2023-04-28T19:02:22","modified_gmt":"2023-04-28T17:02:22","slug":"germogli-seminare-il-miglioramento","status":"publish","type":"post","link":"https:\/\/www.lacittaxlacitta.it\/wordpress\/2020\/09\/20\/germogli-seminare-il-miglioramento\/","title":{"rendered":"GERMOGLI: SEMINARE IL MIGLIORAMENTO"},"content":{"rendered":"\n<div class=\"wp-block-image\"><figure class=\"alignright is-resized\"><a href=\"https:\/\/www.nuovaacropoli-volontariato.it\/index.php?eID=tx_cms_showpic&amp;file=11455&amp;md5=e9dc4b79b29ca813ca47caf75dc42b9dd8c498c3&amp;parameters%5B0%5D=eyJ3aWR0aCI6IjgwMG0iLCJoZWlnaHQiOiI2MDBtIiwiYm9keVRhZyI6Ijxib2R5&amp;parameters%5B1%5D=IHN0eWxlPVwibWFyZ2luOjA7IGJhY2tncm91bmQ6I2ZmZjtcIj4iLCJ3cmFwIjoi&amp;parameters%5B2%5D=PGEgaHJlZj1cImphdmFzY3JpcHQ6Y2xvc2UoKTtcIj4gfCA8XC9hPiJ9\"><img loading=\"lazy\" src=\"https:\/\/www.nuovaacropoli-volontariato.it\/fileadmin\/_processed_\/8\/b\/csm_54564_adeb7e0201.jpg\" alt=\"\" width=\"379\" height=\"253\"\/><\/a><\/figure><\/div>\n\n\n\n<p>\u00c8 stata un successo l\u2019ottava edizione di\u00a0<em><strong>\u201cGermogli \u2013 un altro parco \u00e8 possibile\u201d<\/strong><\/em>, l\u2019iniziativa di Nuova Acropoli che riunisce\u00a0<strong><em>ecologia, cultura<\/em><\/strong>\u00a0e\u00a0<em><strong>artigianato<\/strong><\/em>\u00a0in un unico luogo per far vivere le aree verdi di Catania all\u2019insegna dell\u2019incontro e dello scambio di idee. Ancora una volta protagonista della festa \u00e8 stato il\u00a0<em><strong>Parco Madre Teresa di Calcutta<\/strong><\/em>, che dal 2012 viene pulito, curato e riqualificato dai volontari con costanza e soprattutto\u00a0<em><strong>entusiasmo<\/strong><\/em>\u00a0e\u00a0<em><strong>senso di responsabilit\u00e0<\/strong><\/em>.<\/p>\n\n\n\n<p><\/p>\n\n\n\n<div class=\"wp-block-image\"><figure class=\"alignleft size-large\"><img loading=\"lazy\" width=\"448\" height=\"314\" src=\"http:\/\/www.lacittaxlacitta.it\/wordpress\/wp-content\/uploads\/2023\/04\/germogli_2020_nuova_acropoli_1_-1.jpg\" alt=\"\" class=\"wp-image-444\" srcset=\"https:\/\/www.lacittaxlacitta.it\/wordpress\/wp-content\/uploads\/2023\/04\/germogli_2020_nuova_acropoli_1_-1.jpg 448w, https:\/\/www.lacittaxlacitta.it\/wordpress\/wp-content\/uploads\/2023\/04\/germogli_2020_nuova_acropoli_1_-1-300x210.jpg 300w\" sizes=\"(max-width: 448px) 100vw, 448px\" \/><\/figure><\/div>\n\n\n\n<p><strong><em>Tante le attivit\u00e0<\/em><\/strong>&nbsp;che hanno animato l\u2019area e che hanno permesso ai cittadini di mettersi a servizio per il miglioramento della propria citt\u00e0: dalla&nbsp;<em><strong>pitturazione<\/strong><\/em>&nbsp;della ringhiera alla&nbsp;<em><strong>creazione<\/strong><\/em>&nbsp;di una piccola staccionata e&nbsp;<strong><em>messa a dimora<\/em><\/strong>&nbsp;di nuove piante con cui l\u2019area centrale \u00e8 stata abbellita; la&nbsp;<em><strong>\u201cBibliocasetta\u201d&nbsp;<\/strong><\/em>\u2013 realizzata dai volontari quattro anni fa \u2013 \u00e8 stata&nbsp;<em><strong>ridipinta<\/strong><\/em>&nbsp;e arricchita con tanti&nbsp;<em><strong>nuovi libri donati<\/strong><\/em>&nbsp;per l\u2019occasione da alcuni cittadini. Inoltre una piccola squadra si \u00e8 occupata dalla&nbsp;<em><strong>pulizia ecologica<\/strong><\/em>&nbsp;dell\u2019area e ha potuto apprezzare la&nbsp;<em><strong>mancanza di grandi quantit\u00e0 di immondizia<\/strong><\/em>, segno del lavoro svolto settimanalmente dai volontari ma anche del senso di responsabilit\u00e0 che anima i fruitori del parco.<\/p>\n\n\n\n<p><\/p>\n\n\n\n<div class=\"wp-block-image\"><figure class=\"alignright size-large\"><img loading=\"lazy\" width=\"448\" height=\"299\" src=\"http:\/\/www.lacittaxlacitta.it\/wordpress\/wp-content\/uploads\/2023\/04\/germogli_2020_nuova_acropoli_2_-1.jpg\" alt=\"\" class=\"wp-image-460\" srcset=\"https:\/\/www.lacittaxlacitta.it\/wordpress\/wp-content\/uploads\/2023\/04\/germogli_2020_nuova_acropoli_2_-1.jpg 448w, https:\/\/www.lacittaxlacitta.it\/wordpress\/wp-content\/uploads\/2023\/04\/germogli_2020_nuova_acropoli_2_-1-300x200.jpg 300w\" sizes=\"(max-width: 448px) 100vw, 448px\" \/><\/figure><\/div>\n\n\n\n<p>L\u2019aspetto culturale \u00e8 stato caratterizzato da un\u00a0<em><strong>aperitivo filosofico<\/strong><\/em>\u00a0dal titolo\u00a0<em>\u201cEffetto Karma: seminare il miglioramento\u201d<\/em>, durante il quale Vincenzo Messina \u2013 presidente di Nuova Acropoli Catania \u2013 ha invitato i partecipanti a\u00a0<em><strong>prendere consapevolezza delle proprie azioni<\/strong><\/em>\u00a0e della capacit\u00e0 che ha ognuno di noi di poter\u00a0<em><strong>dirigere la propria vita<\/strong><\/em>: sta a noi guardarsi dentro e scegliere cosa migliorare, quali\u00a0<strong><em>propositi e virt\u00f9<\/em><\/strong>\u00a0seminare per poter essere felici. E, a proposito di semina, alla fine dell\u2019incontro volontari e cittadini hanno accolto insieme la\u00a0<em><strong>nuova stagione<\/strong><\/em>: l\u2019autunno. <\/p>\n\n\n\n<p><\/p>\n\n\n\n<p>Fin dall\u2019antichit\u00e0 gli uomini hanno infatti celebrato l\u2019equinozio con\u00a0<em><strong>gesti molto semplici ma ricchi di significato<\/strong><\/em>, tra cui quello della\u00a0<em><strong>semina<\/strong><\/em>: \u00e8 un momento durante il quale piantare non solo<em><strong>\u00a0semi fisici ma anche interiori<\/strong><\/em>, vale a dire propositi, qualit\u00e0, virt\u00f9 che possono arricchire la nostra vita e permetterci di migliorare, nel nostro piccolo, la societ\u00e0 in cui viviamo.\u00a0<em>\u201cOgni seme ha in s\u00e9 un potenziale che pu\u00f2 emergere e germogliare se coltivato con perseveranza e impegno\u201d<\/em>, conclude Martin Iacono \u2013 responsabile di Nuova Acropoli Catania \u2013 invitando infine ognuno a porsi la domanda\u00a0<em><strong>\u201ce io cosa scelgo di seminare?\u201d<\/strong><\/em>.<\/p>\n\n\n\n<p><\/p>\n\n\n\n<p>Altre notizie sul parco:<\/p>\n\n\n\n<p><a href=\"http:\/\/www.lacittaxlacitta.it\/wordpress\/wp-admin\/post.php?post=213&amp;action=edit\" data-type=\"URL\" data-id=\"http:\/\/www.lacittaxlacitta.it\/wordpress\/wp-admin\/post.php?post=213&amp;action=edit\" target=\"_blank\" rel=\"noreferrer noopener\">Germogli &#8211; IV edizione<\/a><\/p>\n\n\n\n<p><a href=\"http:\/\/www.lacittaxlacitta.it\/wordpress\/wp-admin\/post.php?post=221&amp;action=edit\" data-type=\"URL\" data-id=\"http:\/\/www.lacittaxlacitta.it\/wordpress\/wp-admin\/post.php?post=221&amp;action=edit\" target=\"_blank\" rel=\"noreferrer noopener\">BIBLIOCASETTA<\/a><\/p>\n\n\n\n<p><a rel=\"noreferrer noopener\" href=\"http:\/\/www.lacittaxlacitta.it\/wordpress\/wp-admin\/post.php?post=319&amp;action=edit\" data-type=\"URL\" data-id=\"http:\/\/www.lacittaxlacitta.it\/wordpress\/wp-admin\/post.php?post=319&amp;action=edit\" target=\"_blank\">RinnoviAMO il parco<\/a><\/p>\n","protected":false},"excerpt":{"rendered":"<p>\u00c8 stata un successo l\u2019ottava edizione di\u00a0\u201cGermogli \u2013 un altro parco \u00e8 possibile\u201d, l\u2019iniziativa di Nuova Acropoli che riunisce\u00a0ecologia, cultura\u00a0e\u00a0artigianato\u00a0in un unico luogo per far vivere le aree verdi di Catania all\u2019insegna dell\u2019incontro e dello scambio di idee. Ancora una volta protagonista della festa \u00e8 stato il\u00a0Parco Madre Teresa di Calcutta, che dal 2012 viene [&hellip;]<\/p>\n","protected":false},"author":1,"featured_media":0,"comment_status":"closed","ping_status":"open","sticky":false,"template":"","format":"standard","meta":[],"categories":[4],"tags":[],"_links":{"self":[{"href":"https:\/\/www.lacittaxlacitta.it\/wordpress\/wp-json\/wp\/v2\/posts\/211"}],"collection":[{"href":"https:\/\/www.lacittaxlacitta.it\/wordpress\/wp-json\/wp\/v2\/posts"}],"about":[{"href":"https:\/\/www.lacittaxlacitta.it\/wordpress\/wp-json\/wp\/v2\/types\/post"}],"author":[{"embeddable":true,"href":"https:\/\/www.lacittaxlacitta.it\/wordpress\/wp-json\/wp\/v2\/users\/1"}],"replies":[{"embeddable":true,"href":"https:\/\/www.lacittaxlacitta.it\/wordpress\/wp-json\/wp\/v2\/comments?post=211"}],"version-history":[{"count":22,"href":"https:\/\/www.lacittaxlacitta.it\/wordpress\/wp-json\/wp\/v2\/posts\/211\/revisions"}],"predecessor-version":[{"id":479,"href":"https:\/\/www.lacittaxlacitta.it\/wordpress\/wp-json\/wp\/v2\/posts\/211\/revisions\/479"}],"wp:attachment":[{"href":"https:\/\/www.lacittaxlacitta.it\/wordpress\/wp-json\/wp\/v2\/media?parent=211"}],"wp:term":[{"taxonomy":"category","embeddable":true,"href":"https:\/\/www.lacittaxlacitta.it\/wordpress\/wp-json\/wp\/v2\/categories?post=211"},{"taxonomy":"post_tag","embeddable":true,"href":"https:\/\/www.lacittaxlacitta.it\/wordpress\/wp-json\/wp\/v2\/tags?post=211"}],"curies":[{"name":"wp","href":"https:\/\/api.w.org\/{rel}","templated":true}]}}